{"id":4004,"date":"2026-09-03T11:33:58","date_gmt":"2026-09-03T11:33:58","guid":{"rendered":"https:\/\/europedirect.prigoda.hr\/?p=4004"},"modified":"2026-09-03T11:33:58","modified_gmt":"2026-09-03T11:33:58","slug":"novi-visegodisnji-proracun-eu-a-zasto-su-kohezijska-politika-i-poljoprivreda-i-dalje-medu-europskim-prioritetima","status":"publish","type":"post","link":"https:\/\/europedirect.prigoda.hr\/index.php\/2026\/09\/03\/novi-visegodisnji-proracun-eu-a-zasto-su-kohezijska-politika-i-poljoprivreda-i-dalje-medu-europskim-prioritetima\/","title":{"rendered":"Novi vi\u0161egodi\u0161nji prora\u010dun EU-a: za\u0161to su kohezijska politika i poljoprivreda i dalje me\u0111u europskim prioritetima?"},"content":{"rendered":"<div>\n<p>Europska unija nalazi se pred dono\u0161enjem jedne od najva\u017enijih financijskih odluka u aktualnom desetlje\u0107u. Na temelju Prijedloga Europske komisije i provedenog javnog savjetovanja, dr\u017eave \u010dlanice tijekom narednih mjeseci pregovarat \u0107e o novom Vi\u0161egodi\u0161njem financijskom okviru za razdoblje 2028. \u2013 2034., dokumentu koji odre\u0111uje prioritete ulaganja i raspodjelu europskih sredstava u narednih sedam godina.<\/p>\n<p>Tema je bila u sredi\u0161tu razgovora predsjednika Vlade Republike Hrvatske Andreja Plenkovi\u0107a i predsjednika Europskog vije\u0107a Ant\u00f3nija Coste tijekom njihova susreta u Zagrebu po\u010detkom rujna. Razgovaralo se o budu\u0107em europskom prora\u010dunu, ali i o izazovima s kojima se Europska unija danas suo\u010dava, poput sigurnosti, konkurentnosti gospodarstva, pro\u0161irenja Unije i potpore Ukrajini.<\/p>\n<h4>Prora\u010dun za druk\u010dije okolnosti<\/h4>\n<p><img decoding=\"async\" class=\"size-medium wp-image-4011 alignright\" style=\"color: #666666; font-size: 18px; font-style: italic;\" src=\"https:\/\/europedirect.prigoda.hr\/wp-content\/uploads\/2026\/09\/80253c3a-4ae3-4ccc-abb3-553db2dc4ee1-200x300.jpg\" alt=\"\" width=\"200\" height=\"300\" srcset=\"https:\/\/europedirect.prigoda.hr\/wp-content\/uploads\/2026\/09\/80253c3a-4ae3-4ccc-abb3-553db2dc4ee1-200x300.jpg 200w, https:\/\/europedirect.prigoda.hr\/wp-content\/uploads\/2026\/09\/80253c3a-4ae3-4ccc-abb3-553db2dc4ee1-683x1024.jpg 683w, https:\/\/europedirect.prigoda.hr\/wp-content\/uploads\/2026\/09\/80253c3a-4ae3-4ccc-abb3-553db2dc4ee1-768x1152.jpg 768w, https:\/\/europedirect.prigoda.hr\/wp-content\/uploads\/2026\/09\/80253c3a-4ae3-4ccc-abb3-553db2dc4ee1-1024x1536.jpg 1024w, https:\/\/europedirect.prigoda.hr\/wp-content\/uploads\/2026\/09\/80253c3a-4ae3-4ccc-abb3-553db2dc4ee1-1365x2048.jpg 1365w, https:\/\/europedirect.prigoda.hr\/wp-content\/uploads\/2026\/09\/80253c3a-4ae3-4ccc-abb3-553db2dc4ee1-870x1305.jpg 870w, https:\/\/europedirect.prigoda.hr\/wp-content\/uploads\/2026\/09\/80253c3a-4ae3-4ccc-abb3-553db2dc4ee1-600x900.jpg 600w, https:\/\/europedirect.prigoda.hr\/wp-content\/uploads\/2026\/09\/80253c3a-4ae3-4ccc-abb3-553db2dc4ee1-480x720.jpg 480w, https:\/\/europedirect.prigoda.hr\/wp-content\/uploads\/2026\/09\/80253c3a-4ae3-4ccc-abb3-553db2dc4ee1-scaled.jpg 1707w\" sizes=\"(max-width: 200px) 100vw, 200px\" \/>Od usvajanja aktualnog europskog prora\u010duna 2020. godine okolnosti u Europi zna\u010dajno su se promijenile. Geopoliti\u010dke napetosti, rat u Ukrajini, energetska sigurnost, digitalna transformacija i ja\u010danje europske konkurentnosti postali su prioriteti koji zahtijevaju dodatna ulaganja.<\/p>\n<p>Predsjednik Europskog vije\u0107a Ant\u00f3nio Costa istaknuo je kako budu\u0107i europski prora\u010dun mora omogu\u0107iti ulaganja u obranu i sigurnost, inovacije, konkurentnost i strate\u0161ku otpornost Europske unije. Istodobno je naglasio da se pritom ne smiju zanemariti politike koje desetlje\u0107ima pridonose uravnote\u017eenom razvoju europskih regija.<\/p>\n<blockquote><p>\u201eNovi prora\u010dun mora nastaviti podupirati kohezijsku i poljoprivrednu politiku jer su one stupovi regionalnog razvoja i zajedni\u010dkog prosperiteta na na\u0161em kontinentu\u201c, poru\u010dio je Costa.<\/p><\/blockquote>\n<h4>Za\u0161to su kohezijska politika i poljoprivreda va\u017ene?<\/h4>\n<p>Kohezijska politika jedan je od glavnih investicijskih instrumenata Europske unije. Njezina je svrha smanjivati gospodarske, socijalne i teritorijalne razlike me\u0111u dr\u017eavama \u010dlanicama i njihovim regijama. Iz tih se sredstava financiraju projekti prometne infrastrukture, energetske u\u010dinkovitosti, za\u0161tite okoli\u0161a, digitalizacije, obrazovanja i poduzetni\u0161tva. S druge strane, zajedni\u010dka poljoprivredna politika pru\u017ea potporu poljoprivrednicima, razvoju ruralnih podru\u010dja te sigurnosti opskrbe hranom na europskom tr\u017ei\u0161tu. Za Hrvatsku obje politike imaju posebno zna\u010denje. U proteklim godinama europski fondovi omogu\u0107ili su provedbu brojnih razvojnih projekata u gradovima, op\u0107inama i \u017eupanijama, kao i ulaganja u poljoprivrednu proizvodnju, ruralnu infrastrukturu i modernizaciju gospodarstava.<\/p>\n<h4>Hrvatski prioriteti u pregovorima<\/h4>\n<p>Predsjednik Vlade Andrej Plenkovi\u0107 naglasio je kako Hrvatska podupire o\u010duvanje sna\u017ene kohezijske politike i poljoprivrednih potpora u budu\u0107em financijskom okviru. Prema njegovim rije\u010dima, rije\u010d je o politikama koje donose konkretne koristi gra\u0111anima i doprinose ravnomjernijem razvoju Europske unije. Hrvatska pritom isti\u010de da su europska sredstva zna\u010dajno pridonijela gospodarskom rastu, modernizaciji infrastrukture i pove\u0107anju kvalitete \u017eivota. Kao jedna od dr\u017eava koje uspje\u0161no koriste europske fondove, Hrvatska zagovara nastavak ulaganja u regionalni razvoj, poljoprivredu, zelenu tranziciju i ja\u010danje konkurentnosti gospodarstva. Hrvatska je od ulaska u Europsku uniju ostvarila znatno vi\u0161e sredstava iz europskog prora\u010duna nego \u0161to je u njega uplatila. Od 2016. godine do danas zemlja je povukla oko 47 milijardi eura, a u sljede\u0107em financijskom razdoblju o\u010dekuje nastavak sna\u017enih ulaganja u regionalni razvoj, promet, energetiku, digitalizaciju i poljoprivredu.<\/p>\n<h4>Potreban dogovor do kraja godine<\/h4>\n<p>Europske institucije \u017eele posti\u0107i politi\u010dki dogovor o novom prora\u010dunu do kraja 2026. godine. Antonio Costa upozorio je kako bi odga\u0111anje odluke moglo usporiti provedbu brojnih programa i investicija od po\u010detka novog financijskog razdoblja 2028. godine. Prema njegovim rije\u010dima, pravodobno dono\u0161enje prora\u010duna va\u017eno je kako bi sredstva bez prekida bila dostupna gra\u0111anima, poduze\u0107ima, poljoprivrednicima, istra\u017eiva\u010dima i studentima diljem Europske unije.&nbsp;<\/p>\n<p>Europska komisija predlo\u017eila je ambiciozniji financijski okvir koji uklju\u010duje ve\u0107a ulaganja u sigurnost, obranu i konkurentnost europskog gospodarstva. Me\u0111utim, takav pristup izazvao je zabrinutost me\u0111u dr\u017eavama koje tradicionalno sna\u017eno podupiru kohezijsku i poljoprivrednu politiku. Posebno su osjetljiva pitanja mogu\u0107e preraspodjele sredstava te prijedlozi pojedinih neto uplatitelja da se ukupna potro\u0161nja Europske unije ograni\u010di. Istodobno, zemlje srednje i isto\u010dne Europe upozoravaju da bi smanjenje kohezijskih fondova moglo usporiti proces gospodarskog pribli\u017eavanja razvijenijim \u010dlanicama Unije. Za Hrvatsku je rasprava posebno va\u017ena jer upravo europski fondovi financiraju velik dio kapitalnih projekata, od prometne i komunalne infrastrukture do energetske obnove javnih zgrada, digitalne transformacije i modernizacije poljoprivredne proizvodnje.<\/p>\n<h4>\u0160to slijedi?<\/h4>\n<p>Pregovori koji predstoje trebali bi odrediti na\u010din na koji \u0107e Europska unija odgovarati na nove sigurnosne i gospodarske izazove, ali i kako \u0107e nastaviti ulagati u regionalni razvoj i poljoprivredu. Upravo \u0107e ravnote\u017ea izme\u0111u novih prioriteta i tradicionalnih europskih politika biti jedno od klju\u010dnih pitanja budu\u0107eg vi\u0161egodi\u0161njeg prora\u010duna. Za gra\u0111ane Hrvatske to zna\u010di da \u0107e odluke donesene u Bruxellesu tijekom sljede\u0107ih mjeseci imati izravan utjecaj na financiranje brojnih projekata, od lokalne infrastrukture i energetske obnove do razvoja poljoprivrede, obrazovanja i gospodarstva u razdoblju nakon 2028. godine.<\/p>\n<\/div>\n<p>&nbsp;<\/p>\n<p><em>Izvor fotografija: Europska unija, https:\/\/newsroom.consilium.europa.eu\/photos\u00a0<\/em><\/p>\n<p><em>Izvor teksta: Europsko vije\u0107e, Priop\u0107enje za medije: https:\/\/www.consilium.europa.eu\/hr\/press\/press-releases\/2026\/09\/02\/press-statement-by-president-costa-following-the-meeting-with-prime-minister-of-croatia-andrej-plenkovic\/<\/em><\/p>\n","protected":false},"excerpt":{"rendered":"<p>Europska unija nalazi se pred dono\u0161enjem jedne od najva\u017enijih financijskih odluka u aktualnom desetlje\u0107u. Na temelju Prijedloga Europske komisije i provedenog javnog savjetovanja, dr\u017eave \u010dlanice tijekom narednih mjeseci pregovarat \u0107e o novom Vi\u0161egodi\u0161njem financijskom okviru za razdoblje 2028. \u2013 2034., dokumentu koji odre\u0111uje prioritete ulaganja i raspodjelu europskih sredstava u narednih sedam godina. Tema je bila u sredi\u0161tu razgovora predsjednika Vlade Republike Hrvatske Andreja Plenkovi\u0107a i predsjednika Europskog vije\u0107a Ant\u00f3nija Coste tijekom njihova susreta u Zagrebu po\u010detkom rujna. Razgovaralo se o budu\u0107em europskom prora\u010dunu, ali i o izazovima s kojima se Europska unija danas suo\u010dava, poput sigurnosti, konkurentnosti gospodarstva, pro\u0161irenja Unije i potpore Ukrajini. Prora\u010dun za druk\u010dije okolnosti&hellip;<\/p>\n","protected":false},"author":2,"featured_media":4010,"comment_status":"closed","ping_status":"closed","sticky":false,"template":"","format":"standard","meta":{"footnotes":""},"categories":[44],"tags":[],"class_list":["post-4004","post","type-post","status-publish","format-standard","has-post-thumbnail","hentry","category-vijesti"],"_links":{"self":[{"href":"https:\/\/europedirect.prigoda.hr\/index.php\/wp-json\/wp\/v2\/posts\/4004","targetHints":{"allow":["GET"]}}],"collection":[{"href":"https:\/\/europedirect.prigoda.hr\/index.php\/wp-json\/wp\/v2\/posts"}],"about":[{"href":"https:\/\/europedirect.prigoda.hr\/index.php\/wp-json\/wp\/v2\/types\/post"}],"author":[{"embeddable":true,"href":"https:\/\/europedirect.prigoda.hr\/index.php\/wp-json\/wp\/v2\/users\/2"}],"replies":[{"embeddable":true,"href":"https:\/\/europedirect.prigoda.hr\/index.php\/wp-json\/wp\/v2\/comments?post=4004"}],"version-history":[{"count":7,"href":"https:\/\/europedirect.prigoda.hr\/index.php\/wp-json\/wp\/v2\/posts\/4004\/revisions"}],"predecessor-version":[{"id":4015,"href":"https:\/\/europedirect.prigoda.hr\/index.php\/wp-json\/wp\/v2\/posts\/4004\/revisions\/4015"}],"wp:featuredmedia":[{"embeddable":true,"href":"https:\/\/europedirect.prigoda.hr\/index.php\/wp-json\/wp\/v2\/media\/4010"}],"wp:attachment":[{"href":"https:\/\/europedirect.prigoda.hr\/index.php\/wp-json\/wp\/v2\/media?parent=4004"}],"wp:term":[{"taxonomy":"category","embeddable":true,"href":"https:\/\/europedirect.prigoda.hr\/index.php\/wp-json\/wp\/v2\/categories?post=4004"},{"taxonomy":"post_tag","embeddable":true,"href":"https:\/\/europedirect.prigoda.hr\/index.php\/wp-json\/wp\/v2\/tags?post=4004"}],"curies":[{"name":"wp","href":"https:\/\/api.w.org\/{rel}","templated":true}]}}