{"id":3850,"date":"2026-08-28T10:26:40","date_gmt":"2026-08-28T10:26:40","guid":{"rendered":"https:\/\/europedirect.prigoda.hr\/?p=3850"},"modified":"2026-08-28T10:26:40","modified_gmt":"2026-08-28T10:26:40","slug":"medunarodna-konferencija-greenculturecon-od-kreativne-vizije-do-sistemske-promjene","status":"publish","type":"post","link":"https:\/\/europedirect.prigoda.hr\/index.php\/2026\/08\/28\/medunarodna-konferencija-greenculturecon-od-kreativne-vizije-do-sistemske-promjene\/","title":{"rendered":"Me\u0111unarodna konferencija GreenCultureCon: Od kreativne vizije do sistemske promjene"},"content":{"rendered":"<p>&nbsp;<\/p>\n<p>Desk Kreativne Europe \u2013 Kultura organizira me\u0111unarodnu konferenciju \u201e<strong>Zelena kultura: od kreativne vizije do sistemske promjene | GreenCultureCon: From Creative Vision to Systemic Change\u201c<\/strong>, koja \u0107e se odr\u017eati <strong>17. rujna 2026. godine u HNK2 u Zagrebu<\/strong>.<\/p>\n<p>Konferencija okuplja doma\u0107e i me\u0111unarodne stru\u010dnjake, predstavnike kulturnog i kreativnog sektora te donositelje odluka s ciljem razmjene znanja, iskustava i primjera dobre prakse vezanih uz odr\u017eivost u kulturi. Kroz predavanja, panel-rasprave i interaktivne sadr\u017eaje sudionici \u0107e istra\u017eiti ulogu kulture u zelenoj tranziciji te mogu\u0107nosti razvoja odr\u017eivih modela djelovanja u sektoru.<\/p>\n<p>Program obuhva\u0107a teme kao \u0161to su:<\/p>\n<ul>\n<li>odr\u017eiva digitalna transformacija,<\/li>\n<li>odr\u017eiva kulturna i umjetni\u010dka produkcija,<\/li>\n<li>o\u010duvanje i upravljanje kulturnom ba\u0161tinom,<\/li>\n<li>kreativna komunikacija o odr\u017eivosti,<\/li>\n<li>bioraznolikost i kultura,<\/li>\n<li>razvoj zelenih politika i praksi u kulturnim organizacijama.<\/li>\n<\/ul>\n<p>Konferencija \u0107e otvoriti klju\u010dno pitanje:\u00a0<strong>Kako kulturni i kreativni sektori mogu potaknuti, oblikovati i pro\u0161iriti zelenu tranziciju?<\/strong>\u00a0Rasprava \u0107e kulturu pozicionirati ne samo kao sektor koji se prilago\u0111ava politikama odr\u017eivosti, ve\u0107 i kao pokreta\u010da promjena, oblikovatelja vrijednosti i dru\u0161tvene transformacije. Kroz konkretne primjere dobre prakse, alate, politike i me\u0111usektorsku suradnju, konferencija \u0107e pokazati kako kultura mo\u017ee potaknuti odgovornost, utjecati na javni diskurs i mobilizirati zajednice prema odr\u017eivijoj budu\u0107nosti.<\/p>\n<p><strong>Jutarnji program (9:30 \u2013 13:00)<\/strong>\u00a0uklju\u010duje uvodna predavanja, panel rasprave, okrugle stolove i predstavljanja, nakon \u010dega slijedi vrijeme predvi\u0111eno za umre\u017eavanje i neformalno dru\u017eenje sudionika.<\/p>\n<p><strong>Poslijepodnevni program (14:00 \u2013 16:30)<\/strong> sastoji se od<span style=\"font-size: 1rem;\">\u00a0<\/span><strong style=\"font-size: 1rem;\">sedam paralelnih aktivnosti u manjim grupama<\/strong><span style=\"font-size: 1rem;\">, uklju\u010duju\u0107i radionice, predavanja, studijske posjete i umjetni\u010dke programe. Budu\u0107i da je broj mjesta ograni\u010den, organizatori preporu\u010duju pravovremenu prijavu.<\/span><\/p>\n<p>Tijekom cijelog dana bit \u0107e dostupan i\u00a0<strong>popratni program<\/strong>, koji uklju\u010duje dodatne prilike za umre\u017eavanje i sastanke, umjetni\u010dke sadr\u017eaje, audiovizualnu instalaciju, kreativne aktivnosti recikliranja te druge sadr\u017eaje koji nadopunjuju glavni konferencijski program.<\/p>\n<p><strong>Radni jezik konferencije je engleski.<\/strong>\u00a0Napominjemo da \u0107e se pojedine aktivnosti u poslijepodnevnom programu odr\u017eavati isklju\u010divo na engleskom ili isklju\u010divo na hrvatskom jeziku, \u0161to je posebno nazna\u010deno u programu.<\/p>\n<h2>Prijava<\/h2>\n<p>Prijave su otvorene putem online obrasca:<\/p>\n<p>\ud83d\udd17<b><a title=\"https:\/\/docs.google.com\/forms\/d\/e\/1FAIpQLScHqSj5M-6iVCvmJGeVuWUkDKZG8LTZr6seMW0zvN8Ft_DRNQ\/viewform\" href=\"https:\/\/docs.google.com\/forms\/d\/e\/1FAIpQLScHqSj5M-6iVCvmJGeVuWUkDKZG8LTZr6seMW0zvN8Ft_DRNQ\/viewform\" data-auth=\"NotApplicable\" data-linkindex=\"0\">Obrazac za prijavu<\/a><\/b><\/p>\n<h2>Vi\u0161e informacija<\/h2>\n<p>Detaljne informacije o konferenciji i programu dostupne su na poveznici:<\/p>\n<p>\ud83d\udd17<a href=\"https:\/\/deskkultura.hr\/hr\/novosti\/greenculturecon-registracije-otvorene\" target=\"_blank\" rel=\"noopener\"> https:\/\/deskkultura.hr\/hr\/novosti\/greenculturecon-registracije-otvorene<\/a><\/p>\n<p>Pozivaju se svi zainteresirani djelatnici u podru\u010dju kulture, umjetnosti, kulturne ba\u0161tine i kreativnih industrija da se pridru\u017ee ovom jedinstvenom doga\u0111anju posve\u0107enom odr\u017eivoj budu\u0107nosti kulturnog sektora.<\/p>\n","protected":false},"excerpt":{"rendered":"<p>&nbsp; Desk Kreativne Europe \u2013 Kultura organizira me\u0111unarodnu konferenciju \u201eZelena kultura: od kreativne vizije do sistemske promjene | GreenCultureCon: From Creative Vision to Systemic Change\u201c, koja \u0107e se odr\u017eati 17. rujna 2026. godine u HNK2 u Zagrebu. Konferencija okuplja doma\u0107e i me\u0111unarodne stru\u010dnjake, predstavnike kulturnog i kreativnog sektora te donositelje odluka s ciljem razmjene znanja, iskustava i primjera dobre prakse vezanih uz odr\u017eivost u kulturi. Kroz predavanja, panel-rasprave i interaktivne sadr\u017eaje sudionici \u0107e istra\u017eiti ulogu kulture u zelenoj tranziciji te mogu\u0107nosti razvoja odr\u017eivih modela djelovanja u sektoru. Program obuhva\u0107a teme kao \u0161to su: odr\u017eiva digitalna transformacija, odr\u017eiva kulturna i umjetni\u010dka produkcija, o\u010duvanje i upravljanje kulturnom ba\u0161tinom, kreativna komunikacija&hellip;<\/p>\n","protected":false},"author":2,"featured_media":3851,"comment_status":"closed","ping_status":"closed","sticky":false,"template":"","format":"standard","meta":{"footnotes":""},"categories":[44],"tags":[],"class_list":["post-3850","post","type-post","status-publish","format-standard","has-post-thumbnail","hentry","category-vijesti"],"_links":{"self":[{"href":"https:\/\/europedirect.prigoda.hr\/index.php\/wp-json\/wp\/v2\/posts\/3850","targetHints":{"allow":["GET"]}}],"collection":[{"href":"https:\/\/europedirect.prigoda.hr\/index.php\/wp-json\/wp\/v2\/posts"}],"about":[{"href":"https:\/\/europedirect.prigoda.hr\/index.php\/wp-json\/wp\/v2\/types\/post"}],"author":[{"embeddable":true,"href":"https:\/\/europedirect.prigoda.hr\/index.php\/wp-json\/wp\/v2\/users\/2"}],"replies":[{"embeddable":true,"href":"https:\/\/europedirect.prigoda.hr\/index.php\/wp-json\/wp\/v2\/comments?post=3850"}],"version-history":[{"count":6,"href":"https:\/\/europedirect.prigoda.hr\/index.php\/wp-json\/wp\/v2\/posts\/3850\/revisions"}],"predecessor-version":[{"id":3857,"href":"https:\/\/europedirect.prigoda.hr\/index.php\/wp-json\/wp\/v2\/posts\/3850\/revisions\/3857"}],"wp:featuredmedia":[{"embeddable":true,"href":"https:\/\/europedirect.prigoda.hr\/index.php\/wp-json\/wp\/v2\/media\/3851"}],"wp:attachment":[{"href":"https:\/\/europedirect.prigoda.hr\/index.php\/wp-json\/wp\/v2\/media?parent=3850"}],"wp:term":[{"taxonomy":"category","embeddable":true,"href":"https:\/\/europedirect.prigoda.hr\/index.php\/wp-json\/wp\/v2\/categories?post=3850"},{"taxonomy":"post_tag","embeddable":true,"href":"https:\/\/europedirect.prigoda.hr\/index.php\/wp-json\/wp\/v2\/tags?post=3850"}],"curies":[{"name":"wp","href":"https:\/\/api.w.org\/{rel}","templated":true}]}}