{"id":3837,"date":"2026-08-27T06:57:06","date_gmt":"2026-08-27T06:57:06","guid":{"rendered":"https:\/\/europedirect.prigoda.hr\/?p=3837"},"modified":"2026-08-27T06:57:06","modified_gmt":"2026-08-27T06:57:06","slug":"govor-o-stanju-europske-unije-2026-kljucni-trenutak-za-buducnost-europe-16-rujna","status":"publish","type":"post","link":"https:\/\/europedirect.prigoda.hr\/index.php\/2026\/08\/27\/govor-o-stanju-europske-unije-2026-kljucni-trenutak-za-buducnost-europe-16-rujna\/","title":{"rendered":"Govor o stanju Europske unije 2026.: klju\u010dni trenutak za budu\u0107nost Europe- 16. rujna"},"content":{"rendered":"<p>Za\u0161to je Govor o stanju Europske unije 2026. klju\u010dni trenutak za budu\u0107nost Europe?<\/p>\n<div>\n<div class=\"___be36l80 fbotcpb fy77jfu f6dzj5z\">\n<div class=\"fai-CopilotMessage r1f6yzd6 ___1fjo9g7 f1g2tzg5 fgct6un fy77jfu f2c7lf3\" tabindex=\"0\" role=\"article\" aria-labelledby=\"copilot-message-_r_u0_-title copilot-message-_r_u0_\" aria-setsize=\"6\" aria-posinset=\"6\" data-tabster=\"{&quot;groupper&quot;:{&quot;tabbability&quot;:2},&quot;focusable&quot;:{}}\">\n<div id=\"copilot-message-_r_u0_\" class=\"fai-CopilotMessage__content r1izxv8h ___7qar2c0 fcthzvy\" dir=\"auto\">\n<div dir=\"auto\">\n<div class=\"___1vve6yh f22iagw f1vx9l62 f122n59 f3bhgqh f1mnxvew fly5x3f\">\n<div class=\"___j4vmuw0 f22iagw f1vx9l62 f1869bpl fly5x3f fbc6vix\">\n<div tabindex=\"-1\" data-testid=\"loading-message\">\n<div id=\"response-id_r_tu_\" class=\"___1yop6mf f336tjw f9ijwd5 fz7g6wx fod5ikn f1s184ao\" data-testid=\"lastChatMessage\">\n<div class=\"___1peis63 f22iagw f1063pyq f6jr5hl f1c88k3p\">\n<div class=\"___4htdyp0 fz7g6wx fy77jfu\">\n<div class=\"___1j4t0a1 f1lmfglv f1abmfm4\" dir=\"auto\" aria-hidden=\"false\" data-testid=\"markdown-reply\" data-message-id=\"8bb1cd7a-d6cd-459f-a41e-07a7d27b5359\" data-message-type=\"Chat\">\n<div class=\"___nfp7g60 f22iagw f1vx9l62 fkmyikg fk15e71 f1k953kz f137keqj f1rncccw f1stllg3 f1w4kmmc f1tric3v f10dk5ic fx8cdsv f16nlwsl f1eookvz fhjrts3 fqugt2f f18d18k8 f1v1vhmp f1hdmul3 f198vjnp f2dshw1 fjpjndq fnmj2pj ffrrb40 f1mon110 fhajzam fimndk6 fxv4dng fb1rn9k f59wlhv f1xmfh30 f18yf5o5 fmr6chf fw8qy2q ff161sd f1qr7t77 f1yyogn1 foogchg fp5872b f1tpb8gf f1hdgrc8 f1vatr43 frkxccd f9pdzkb f158oiaz ft5kggy f5l4ui7 f13j03li f18xdoka f8off4e f1go6zfc f128n2ra f1jpxw2j f1lwd9n0 fy0b8hm f1g2633v fx4kvgi fkvolse f1gxrt3a f1os76ua f1js9cnw f1g87ej0 freluf8 f1yggaq6 f2i3chp f1151osp florpoh f35kzfz ftp9m57 f1e288vi fz62hnz fixvuys f1nmofwh fc1c6mv f18a2er7 fhvkrdl fhxnn68 f1oce4bo fvhlfan f7tc0t0 f1ngf1n2 ffrzq6x f1yjiq2m f1aqdgql f1huvaf f10ij78l f1k94sa4 fkmfumq f1jvzkyl f1eu24ob f1xbfc1f fmf0lwf f107dsy8 f3w566c f4648sl f13zpkng f7unjfp f8p1rz fzu6h1w f1i1bi6h f1smo7hi f1sk1xod f1kgogdq f1gjktkp ft608jz f1o9wiiv fg3xr24 fhd155k f1b8gl2e fg4b9ou flb4lo fdicbfk fgwcyh1 f1jbds0d f1fb9uea f1stuka4 fcrtu6g fwqh0xn f11w66yg f6e0e65 f1vvgu0 f1607507 fgct6un f1ec1nbe fg3fpv7 f1m9bycv f1ntoah8 f1b694rt faql4r2 fpjuhzh fmavl6h f1d9bsk fmzhlt0 f145l92p fwkyaqm f129obh1 f19la9g f127w39w fr0ux9m fxhidck f1cu4h9j f1wnbo7v f1eueg4z fy9c24f f1h2o91j f1iw08fq f19n0e5\">\n<p>Svakog rujna predsjednik ili predsjednica Europske komisije obra\u0107a se Europskom parlamentu u sklopu <strong>Govora o stanju Europske unije<\/strong> (State of the Union Address &#8211; SOTEU). Rije\u010d je o jednom od najva\u017enijih politi\u010dkih doga\u0111aja na razini Europske unije, tijekom kojeg se ocjenjuju postignu\u0107a iz protekle godine, analiziraju izazovi s kojima se Europa suo\u010dava te predstavljaju prioriteti i inicijative za budu\u0107nost. Ovogodi\u0161nje obra\u0107anje odr\u017eat \u0107e predsjednica Europske komisije <strong>Ursula von der Leyen<\/strong>, koja \u0107e predstaviti viziju razvoja Europske unije u nadolaze\u0107em razdoblju te najaviti konkretne mjere kojima se \u017eeli odgovoriti na potrebe europskih gra\u0111ana. Govor ujedno predstavlja priliku za definiranje politi\u010dkog smjera Europske unije i postavljanje ciljeva koji \u0107e oblikovati europske politike tijekom sljede\u0107ih mjeseci.<\/p>\n<div>\n<div class=\"___be36l80 fbotcpb fy77jfu f6dzj5z\">\n<div class=\"fai-CopilotMessage r1f6yzd6 ___1fjo9g7 f1g2tzg5 fgct6un fy77jfu f2c7lf3\" tabindex=\"0\" role=\"article\" aria-labelledby=\"copilot-message-_r_10e_-title copilot-message-_r_10e_\" aria-setsize=\"8\" aria-posinset=\"8\" data-tabster=\"{&quot;groupper&quot;:{&quot;tabbability&quot;:2},&quot;focusable&quot;:{}}\" aria-busy=\"true\">\n<div id=\"copilot-message-_r_10e_\" class=\"fai-CopilotMessage__content r1izxv8h ___7qar2c0 fcthzvy\" dir=\"auto\">\n<div>\n<div dir=\"auto\">\n<div class=\"___1vve6yh f22iagw f1vx9l62 f122n59 f3bhgqh f1mnxvew fly5x3f\">\n<div class=\"___j4vmuw0 f22iagw f1vx9l62 f1869bpl fly5x3f fbc6vix\">\n<div tabindex=\"-1\" data-testid=\"loading-message\">\n<div>\n<div>\n<div id=\"response-id_r_10c_\" class=\"___1yop6mf f336tjw f9ijwd5 fz7g6wx fod5ikn f1s184ao\">\n<div class=\"___1peis63 f22iagw f1063pyq f6jr5hl f1c88k3p\">\n<div class=\"___4htdyp0 fz7g6wx fy77jfu\">\n<div class=\"___1j4t0a1 f1lmfglv f1abmfm4\" dir=\"auto\" aria-hidden=\"true\" data-testid=\"markdown-reply\" data-message-id=\"69f3d033-959b-46c1-bfe8-c2b5b1c02f17\" data-message-type=\"Chat\">\n<div class=\"___nfp7g60 f22iagw f1vx9l62 fkmyikg fk15e71 f1k953kz f137keqj f1rncccw f1stllg3 f1w4kmmc f1tric3v f10dk5ic fx8cdsv f16nlwsl f1eookvz fhjrts3 fqugt2f f18d18k8 f1v1vhmp f1hdmul3 f198vjnp f2dshw1 fjpjndq fnmj2pj ffrrb40 f1mon110 fhajzam fimndk6 fxv4dng fb1rn9k f59wlhv f1xmfh30 f18yf5o5 fmr6chf fw8qy2q ff161sd f1qr7t77 f1yyogn1 foogchg fp5872b f1tpb8gf f1hdgrc8 f1vatr43 frkxccd f9pdzkb f158oiaz ft5kggy f5l4ui7 f13j03li f18xdoka f8off4e f1go6zfc f128n2ra f1jpxw2j f1lwd9n0 fy0b8hm f1g2633v fx4kvgi fkvolse f1gxrt3a f1os76ua f1js9cnw f1g87ej0 freluf8 f1yggaq6 f2i3chp f1151osp florpoh f35kzfz ftp9m57 f1e288vi fz62hnz fixvuys f1nmofwh fc1c6mv f18a2er7 fhvkrdl fhxnn68 f1oce4bo fvhlfan f7tc0t0 f1ngf1n2 ffrzq6x f1yjiq2m f1aqdgql f1huvaf f10ij78l f1k94sa4 fkmfumq f1jvzkyl f1eu24ob f1xbfc1f fmf0lwf f107dsy8 f3w566c f4648sl f13zpkng f7unjfp f8p1rz fzu6h1w f1i1bi6h f1smo7hi f1sk1xod f1kgogdq f1gjktkp ft608jz f1o9wiiv fg3xr24 fhd155k f1b8gl2e fg4b9ou flb4lo fdicbfk fgwcyh1 f1jbds0d f1fb9uea f1stuka4 fcrtu6g fwqh0xn f11w66yg f6e0e65 f1vvgu0 f1607507 fgct6un f1ec1nbe fg3fpv7 f1m9bycv f1ntoah8 f1b694rt faql4r2 fpjuhzh fmavl6h f1d9bsk fmzhlt0 f145l92p fwkyaqm f129obh1 f19la9g f127w39w fr0ux9m fxhidck f1cu4h9j f1wnbo7v f1eueg4z fy9c24f f1h2o91j f1iw08fq f19n0e5\">\n<blockquote><p><strong>\u201eOvo mora biti trenutak europske neovisnosti. Vjerujem da je to misija na\u0161e Unije. U kona\u010dnici, rije\u010d je o tome da imamo slobodu i snagu sami odre\u0111ivati svoju sudbinu. I znamo da to mo\u017eemo ostvariti. Jer zajedno smo pokazali \u0161to je mogu\u0107e kada dijelimo iste ambicije, jedinstvo i osje\u0107aj hitnosti.\u201c<\/strong><\/p>\n<p><em>Ursula von der Leyen, Govor o stanju Europske unije 2025.<\/em><\/p><\/blockquote>\n<\/div>\n<\/div>\n<\/div>\n<\/div>\n<\/div>\n<\/div>\n<\/div>\n<\/div>\n<\/div>\n<\/div>\n<\/div>\n<\/div>\n<\/div>\n<\/div>\n<\/div>\n<\/div>\n<h2>\u00a0<img decoding=\"async\" class=\"alignnone wp-image-3843 size-full\" src=\"https:\/\/europedirect.prigoda.hr\/wp-content\/uploads\/2026\/08\/SOTEU_card_left-1.jpg\" alt=\"\" width=\"991\" height=\"661\" srcset=\"https:\/\/europedirect.prigoda.hr\/wp-content\/uploads\/2026\/08\/SOTEU_card_left-1.jpg 991w, https:\/\/europedirect.prigoda.hr\/wp-content\/uploads\/2026\/08\/SOTEU_card_left-1-300x200.jpg 300w, https:\/\/europedirect.prigoda.hr\/wp-content\/uploads\/2026\/08\/SOTEU_card_left-1-768x512.jpg 768w, https:\/\/europedirect.prigoda.hr\/wp-content\/uploads\/2026\/08\/SOTEU_card_left-1-870x580.jpg 870w, https:\/\/europedirect.prigoda.hr\/wp-content\/uploads\/2026\/08\/SOTEU_card_left-1-600x400.jpg 600w, https:\/\/europedirect.prigoda.hr\/wp-content\/uploads\/2026\/08\/SOTEU_card_left-1-480x320.jpg 480w\" sizes=\"(max-width: 991px) 100vw, 991px\" \/><\/h2>\n<h2>Za\u0161to je SOTEU va\u017ean gra\u0111anima?<\/h2>\n<p>Prioriteti predstavljeni tijekom Govora o stanju Unije kasnije se pretvaraju u konkretne europske inicijative i zakonodavne prijedloge koji utje\u010du na svakodnevni \u017eivot gra\u0111ana diljem Europe. To uklju\u010duje mjere za poticanje gospodarstva i otvaranje novih radnih mjesta, ulaganja u energetiku radi smanjenja tro\u0161kova elektri\u010dne energije te ja\u010danje pripravnosti za prirodne katastrofe poput poplava i \u0161umskih po\u017eara.<\/p>\n<p>SOTEU je tako\u0111er va\u017ean demokratski trenutak jer nakon govora slijedi rasprava u Europskom parlamentu, \u010dime se osigurava politi\u010dka odgovornost i otvorena razmjena mi\u0161ljenja o budu\u0107im prioritetima Europske unije.<\/p>\n<h2>Europa kroz pri\u010de svojih gra\u0111ana<\/h2>\n<p>Osim predstavljanja politika i planova, Govor o stanju Unije tradicionalno isti\u010de i inspirativne pri\u010de europskih gra\u0111ana. Posebna se pozornost posve\u0107uje pojedincima koji svojim radom, predano\u0161\u0107u i solidarno\u0161\u0107u doprinose zajednici, poput humanitarnih djelatnika, sporta\u0161a i drugih osoba koje svojim primjerom pokazuju vrijednosti europske suradnje i otpornosti.<\/p>\n<h2>Pratite prijenos u\u017eivo<\/h2>\n<p>Govor o stanju Europske unije 2026. bit \u0107e odr\u017ean <strong>16. rujna 2026.<\/strong>, a gra\u0111ani \u0107e ga mo\u0107i pratiti putem internetskog prijenosa u\u017eivo. Doga\u0111aj predstavlja jedinstvenu priliku za stjecanje uvida u budu\u0107e smjerove razvoja Europske unije i odluke koje \u0107e imati utjecaj na europske regije, gospodarstvo i svakodnevni \u017eivot gra\u0111ana.<\/p>\n<p>Vi\u0161e informacija dostupno je na slu\u017ebenim stranicama Europske komisije: <a href=\"https:\/\/ec.europa.eu\/stories\/towards-soteu\/\" target=\"_blank\" rel=\"noopener\">https:\/\/ec.europa.eu\/stories\/towards-soteu\/<\/a> .<\/p>\n<\/div>\n<\/div>\n<\/div>\n<\/div>\n<\/div>\n<\/div>\n<\/div>\n<\/div>\n<\/div>\n<\/div>\n<\/div>\n<\/div>\n<\/div>\n","protected":false},"excerpt":{"rendered":"<p>Za\u0161to je Govor o stanju Europske unije 2026. klju\u010dni trenutak za budu\u0107nost Europe? Svakog rujna predsjednik ili predsjednica Europske komisije obra\u0107a se Europskom parlamentu u sklopu Govora o stanju Europske unije (State of the Union Address &#8211; SOTEU). Rije\u010d je o jednom od najva\u017enijih politi\u010dkih doga\u0111aja na razini Europske unije, tijekom kojeg se ocjenjuju postignu\u0107a iz protekle godine, analiziraju izazovi s kojima se Europa suo\u010dava te predstavljaju prioriteti i inicijative za budu\u0107nost. Ovogodi\u0161nje obra\u0107anje odr\u017eat \u0107e predsjednica Europske komisije Ursula von der Leyen, koja \u0107e predstaviti viziju razvoja Europske unije u nadolaze\u0107em razdoblju te najaviti konkretne mjere kojima se \u017eeli odgovoriti na potrebe europskih gra\u0111ana. Govor ujedno predstavlja&hellip;<\/p>\n","protected":false},"author":2,"featured_media":3848,"comment_status":"closed","ping_status":"closed","sticky":false,"template":"","format":"standard","meta":{"footnotes":""},"categories":[43,44],"tags":[],"class_list":["post-3837","post","type-post","status-publish","format-standard","has-post-thumbnail","hentry","category-dogadjaji","category-vijesti"],"_links":{"self":[{"href":"https:\/\/europedirect.prigoda.hr\/index.php\/wp-json\/wp\/v2\/posts\/3837","targetHints":{"allow":["GET"]}}],"collection":[{"href":"https:\/\/europedirect.prigoda.hr\/index.php\/wp-json\/wp\/v2\/posts"}],"about":[{"href":"https:\/\/europedirect.prigoda.hr\/index.php\/wp-json\/wp\/v2\/types\/post"}],"author":[{"embeddable":true,"href":"https:\/\/europedirect.prigoda.hr\/index.php\/wp-json\/wp\/v2\/users\/2"}],"replies":[{"embeddable":true,"href":"https:\/\/europedirect.prigoda.hr\/index.php\/wp-json\/wp\/v2\/comments?post=3837"}],"version-history":[{"count":8,"href":"https:\/\/europedirect.prigoda.hr\/index.php\/wp-json\/wp\/v2\/posts\/3837\/revisions"}],"predecessor-version":[{"id":3849,"href":"https:\/\/europedirect.prigoda.hr\/index.php\/wp-json\/wp\/v2\/posts\/3837\/revisions\/3849"}],"wp:featuredmedia":[{"embeddable":true,"href":"https:\/\/europedirect.prigoda.hr\/index.php\/wp-json\/wp\/v2\/media\/3848"}],"wp:attachment":[{"href":"https:\/\/europedirect.prigoda.hr\/index.php\/wp-json\/wp\/v2\/media?parent=3837"}],"wp:term":[{"taxonomy":"category","embeddable":true,"href":"https:\/\/europedirect.prigoda.hr\/index.php\/wp-json\/wp\/v2\/categories?post=3837"},{"taxonomy":"post_tag","embeddable":true,"href":"https:\/\/europedirect.prigoda.hr\/index.php\/wp-json\/wp\/v2\/tags?post=3837"}],"curies":[{"name":"wp","href":"https:\/\/api.w.org\/{rel}","templated":true}]}}